{"id":5360,"date":"2024-11-20T13:09:43","date_gmt":"2024-11-20T13:09:43","guid":{"rendered":"https:\/\/form.pl\/artykuly\/?p=5360"},"modified":"2024-11-20T13:09:47","modified_gmt":"2024-11-20T13:09:47","slug":"regaly-do-salonu-jak-wybrac-idealny-regal-do-roznych-stylow-wnetrz","status":"publish","type":"post","link":"https:\/\/form.pl\/artykuly\/regaly-do-salonu-jak-wybrac-idealny-regal-do-roznych-stylow-wnetrz\/","title":{"rendered":"Rega\u0142y do salonu &#8211; jak wybra\u0107 idealny rega\u0142 do r\u00f3\u017cnych styl\u00f3w wn\u0119trz?"},"content":{"rendered":"\n<p>Rega\u0142 to jeden z najbardziej funkcjonalnych element\u00f3w wyposa\u017cenia ka\u017cdego salonu. Niezale\u017cnie od tego, czy u\u017cywamy go do przechowywania ksi\u0105\u017cek, dekoracji, elektroniki, czy innych przedmiot\u00f3w codziennego u\u017cytku, dobrze dobrany rega\u0142 mo\u017ce sta\u0107 si\u0119 ozdob\u0105 <a href=\"https:\/\/www.blink-home.pl\/\">wn\u0119trza<\/a>, nadaj\u0105c mu charakteru i porz\u0105dku. Wyb\u00f3r odpowiedniego modelu rega\u0142u do salonu zale\u017cy od stylu, w jakim urz\u0105dzone jest wn\u0119trze. Oto jak dopasowa\u0107 rega\u0142 do r\u00f3\u017cnych styl\u00f3w aran\u017cacyjnych.<\/p>\n\n\n\n<div class=\"wp-block-rank-math-toc-block\" id=\"rank-math-toc\"><h2>Spis tre\u015bci<\/h2><nav><ul><li><a href=\"#regaly-w-stylu-nowoczesnym\">Rega\u0142y w stylu nowoczesnym<\/a><\/li><li><a href=\"#regaly-w-stylu-skandynawskim\">Rega\u0142y w stylu skandynawskim<\/a><\/li><li><a href=\"#regaly-w-stylu-industrialnym\">Rega\u0142y w stylu industrialnym<\/a><\/li><li><a href=\"#regaly-w-stylu-klasycznym\">Rega\u0142y w stylu klasycznym<\/a><\/li><li><a href=\"#regaly-w-stylu-boho\">Rega\u0142y w stylu boho<\/a><\/li><li><a href=\"#regaly-w-stylu-vintage\">Rega\u0142y w stylu vintage<\/a><\/li><li><a href=\"#regaly-w-stylu-eklektycznym\">Rega\u0142y w stylu eklektycznym<\/a><\/li><li><a href=\"#regaly-w-stylu-rustykalnym\">Rega\u0142y w stylu rustykalnym<\/a><\/li><li><a href=\"#regaly-w-stylu-art-deco\">Rega\u0142y w stylu art d\u00e9co<\/a><\/li><li><a href=\"#regaly-w-stylu-boho-chic\">Rega\u0142y w stylu boho-chic<\/a><\/li><\/ul><\/nav><\/div>\n\n\n\n<figure class=\"wp-block-image size-large\"><img loading=\"lazy\" decoding=\"async\" width=\"1024\" height=\"574\" src=\"https:\/\/form.pl\/artykuly\/wp-content\/uploads\/2024\/11\/regal-w-salonie-1024x574.jpg\" alt=\"rega\u0142 do salonu\" class=\"wp-image-5361\" srcset=\"https:\/\/form.pl\/artykuly\/wp-content\/uploads\/2024\/11\/regal-w-salonie-1024x574.jpg 1024w, https:\/\/form.pl\/artykuly\/wp-content\/uploads\/2024\/11\/regal-w-salonie-300x168.jpg 300w, https:\/\/form.pl\/artykuly\/wp-content\/uploads\/2024\/11\/regal-w-salonie-768x430.jpg 768w, https:\/\/form.pl\/artykuly\/wp-content\/uploads\/2024\/11\/regal-w-salonie-1536x861.jpg 1536w, https:\/\/form.pl\/artykuly\/wp-content\/uploads\/2024\/11\/regal-w-salonie-107x60.jpg 107w, https:\/\/form.pl\/artykuly\/wp-content\/uploads\/2024\/11\/regal-w-salonie.jpg 1920w\" sizes=\"auto, (max-width: 1024px) 100vw, 1024px\" \/><\/figure>\n\n\n\n<hr class=\"wp-block-separator has-alpha-channel-opacity\"\/>\n\n\n\n<p><strong>Przeczytaj tak\u017ce:<\/strong><\/p>\n\n\n\n<ul class=\"wp-block-list\">\n<li><a href=\"https:\/\/form.pl\/artykuly\/jak-zlote-regaly-moga-odmienic-twoje-mieszkanie\/\">Jak z\u0142ote rega\u0142y mog\u0105 odmieni\u0107 Twoje mieszkanie<\/a><\/li>\n\n\n\n<li><a href=\"https:\/\/form.pl\/artykuly\/jak-wybrac-odpowiedni-regal-do-gabinetu\/\">Jak wybra\u0107 odpowiedni rega\u0142 do gabinetu?<\/a><\/li>\n\n\n\n<li><a href=\"https:\/\/form.pl\/artykuly\/jak-zrobic-regal-na-ksiazki\/\">Jak zrobi\u0107 rega\u0142 na ksi\u0105\u017cki?<\/a><\/li>\n<\/ul>\n\n\n\n<hr class=\"wp-block-separator has-alpha-channel-opacity\"\/>\n\n\n\n<h2 class=\"wp-block-heading\" id=\"regaly-w-stylu-nowoczesnym\">Rega\u0142y w stylu nowoczesnym<\/h2>\n\n\n\n<p>Styl nowoczesny to przede wszystkim minimalizm, prostota form oraz funkcjonalno\u015b\u0107. W tym przypadku rega\u0142 do salonu powinien by\u0107 elegancki, ale zarazem dyskretny, bez zb\u0119dnych zdobie\u0144. Najlepiej sprawdz\u0105 si\u0119 modele o prostych, geometrycznych kszta\u0142tach, wykonane z takich materia\u0142\u00f3w jak metal, szk\u0142o lub lakierowane drewno. Rega\u0142 mo\u017ce mie\u0107 otwarte <a href=\"https:\/\/form.pl\/53-p%C3%B3%C5%82ki\">p\u00f3\u0142ki<\/a>, kt\u00f3re umo\u017cliwiaj\u0105 wyeksponowanie przedmiot\u00f3w dekoracyjnych, lub zamkni\u0119te fronty, kt\u00f3re pozwalaj\u0105 ukry\u0107 przedmioty, kt\u00f3re nie musz\u0105 by\u0107 widoczne.<\/p>\n\n\n\n<p><strong>Polecane <a href=\"https:\/\/form.pl\/26-regaly\">rega\u0142y<\/a>:<\/strong><\/p>\n\n\n\n<ul class=\"wp-block-list\">\n<li>Rega\u0142y z bia\u0142ymi lub czarnymi, matowymi frontami<\/li>\n\n\n\n<li>Metalowe, industrialne konstrukcje<\/li>\n\n\n\n<li>Rega\u0142y modu\u0142owe, kt\u00f3re mo\u017cna dopasowa\u0107 do w\u0142asnych potrzeb<\/li>\n<\/ul>\n\n\n\n<hr class=\"wp-block-separator has-alpha-channel-opacity\"\/>\n\n\n\n<h2 class=\"wp-block-heading\" id=\"regaly-w-stylu-skandynawskim\">Rega\u0142y w stylu skandynawskim<\/h2>\n\n\n\n<p>Styl skandynawski charakteryzuje si\u0119 prostot\u0105, naturalnymi materia\u0142ami oraz jasnymi kolorami. W salonach urz\u0105dzonych w tym stylu rega\u0142y powinny by\u0107 lekkie i przestronne, a jednocze\u015bnie funkcjonalne. Najcz\u0119\u015bciej stosowane s\u0105 modele drewniane, cz\u0119sto w odcieniach jasnego drewna, bieli lub szaro\u015bci. Rega\u0142y w stylu skandynawskim cz\u0119sto maj\u0105 subtelne detale, takie jak proste n\u00f3\u017cki czy okr\u0105g\u0142e uchwyty, kt\u00f3re dodaj\u0105 im lekko\u015bci.<\/p>\n\n\n\n<p><strong>Polecane rega\u0142y:<\/strong><\/p>\n\n\n\n<ul class=\"wp-block-list\">\n<li>Rega\u0142y z naturalnego drewna w jasnych odcieniach<\/li>\n\n\n\n<li>Rega\u0142y z metalowymi n\u00f3\u017ckami w odcieniach z\u0142ota lub czerni<\/li>\n\n\n\n<li>Rega\u0142y z otwartymi p\u00f3\u0142kami, kt\u00f3re pozwalaj\u0105 wyeksponowa\u0107 ro\u015bliny lub dekoracje<\/li>\n<\/ul>\n\n\n\n<hr class=\"wp-block-separator has-alpha-channel-opacity\"\/>\n\n\n\n<h2 class=\"wp-block-heading\" id=\"regaly-w-stylu-industrialnym\">Rega\u0142y w stylu industrialnym<\/h2>\n\n\n\n<p>Styl industrialny to po\u0142\u0105czenie surowo\u015bci, nowoczesno\u015bci i funkcjonalno\u015bci. Rega\u0142y w tym stylu powinny nawi\u0105zywa\u0107 do przemys\u0142owych wn\u0119trz, dlatego najlepiej sprawdz\u0105 si\u0119 modele, kt\u00f3re \u0142\u0105cz\u0105 metal z drewnem. Konstrukcje rega\u0142\u00f3w w stylu industrialnym s\u0105 zazwyczaj masywne i solidne, ale maj\u0105 r\u00f3wnie\u017c du\u017co charakteru. Cz\u0119sto wyst\u0119puj\u0105 w ciemniejszych odcieniach drewna lub w kolorach szaro\u015bci i czerni, kt\u00f3re podkre\u015blaj\u0105 surowy wygl\u0105d przestrzeni.<\/p>\n\n\n\n<p><strong>Polecane rega\u0142y:<\/strong><\/p>\n\n\n\n<ul class=\"wp-block-list\">\n<li>Rega\u0142y z metalow\u0105 ram\u0105 i drewnianymi p\u00f3\u0142kami<\/li>\n\n\n\n<li>Rega\u0142y w kolorach antracytowych lub czarnych<\/li>\n\n\n\n<li>Masywne rega\u0142y, kt\u00f3re stanowi\u0105 centralny punkt aran\u017cacji<\/li>\n<\/ul>\n\n\n\n<hr class=\"wp-block-separator has-alpha-channel-opacity\"\/>\n\n\n\n<h2 class=\"wp-block-heading\" id=\"regaly-w-stylu-klasycznym\">Rega\u0142y w stylu klasycznym<\/h2>\n\n\n\n<p>Styl klasyczny to elegancja, harmonia i ponadczasowy urok. Rega\u0142y do salonu w tym stylu powinny by\u0107 ozdobne, ale nie przesadzone. Najcz\u0119\u015bciej wybierane s\u0105 modele wykonane z drewna, kt\u00f3re maj\u0105 subtelne zdobienia i wyko\u0144czenia w postaci rze\u017abionych n\u00f3\u017cek, a\u017curowych front\u00f3w czy delikatnych uchwyt\u00f3w. Rega\u0142y w stylu klasycznym mog\u0105 mie\u0107 zamkni\u0119te p\u00f3\u0142ki, kt\u00f3re pomog\u0105 w utrzymaniu porz\u0105dku, a tak\u017ce przestronne przestrzenie do wyeksponowania ulubionych dekoracji.<\/p>\n\n\n\n<p><strong>Polecane rega\u0142y:<\/strong><\/p>\n\n\n\n<ul class=\"wp-block-list\">\n<li>Drewniane rega\u0142y w odcieniach ciemnego mahoniu, orzecha lub wenge<\/li>\n\n\n\n<li>Rega\u0142y z klasycznymi, rze\u017abionymi detalami<\/li>\n\n\n\n<li>Rega\u0142y z zamkni\u0119tymi p\u00f3\u0142kami lub szufladami, kt\u00f3re zapewniaj\u0105 schludny wygl\u0105d<\/li>\n<\/ul>\n\n\n\n<hr class=\"wp-block-separator has-alpha-channel-opacity\"\/>\n\n\n\n<h2 class=\"wp-block-heading\" id=\"regaly-w-stylu-boho\">Rega\u0142y w stylu boho<\/h2>\n\n\n\n<p>Styl boho to synonim wolno\u015bci, r\u00f3\u017cnorodno\u015bci i artystycznej duszy. Rega\u0142y w stylu boho powinny by\u0107 lekko eklektyczne, \u0142\u0105cz\u0105c r\u00f3\u017cne style i materia\u0142y. Cz\u0119sto wyst\u0119puj\u0105 tu modele drewniane, a tak\u017ce rega\u0142y wykonane z wikliny, rattanu czy metalu. Charakterystyczne dla tego stylu s\u0105 rega\u0142y, kt\u00f3re maj\u0105 p\u00f3\u0142ki z r\u00f3\u017cnych materia\u0142\u00f3w, cz\u0119sto w naturalnych odcieniach, ozdobione kolorowymi dodatkami i tekstyliami. Tego typu rega\u0142y mog\u0105 by\u0107 doskona\u0142ym wyborem do salonu, w kt\u00f3rym chcemy stworzy\u0107 przytuln\u0105, ciep\u0142\u0105 atmosfer\u0119.<\/p>\n\n\n\n<p><strong>Polecane rega\u0142y:<\/strong><\/p>\n\n\n\n<ul class=\"wp-block-list\">\n<li>Rega\u0142y z naturalnego drewna z ozdobnymi detalami<\/li>\n\n\n\n<li>Rega\u0142y z plecionymi koszami lub wiklinowymi elementami<\/li>\n\n\n\n<li>Rega\u0142y w odcieniach bieli, br\u0105zu oraz pastelowych kolorach<\/li>\n<\/ul>\n\n\n\n<hr class=\"wp-block-separator has-alpha-channel-opacity\"\/>\n\n\n\n<h2 class=\"wp-block-heading\" id=\"regaly-w-stylu-vintage\">Rega\u0142y w stylu vintage<\/h2>\n\n\n\n<p>Styl vintage to powr\u00f3t do przesz\u0142o\u015bci i czerpanie inspiracji z minionych epok. Rega\u0142y w tym stylu \u0142\u0105cz\u0105 elegancj\u0119 i nostalgiczny urok, cz\u0119sto nawi\u0105zuj\u0105c do klasycznych wzorc\u00f3w z lat 50., 60. czy 70. XX wieku. Wn\u0119trza urz\u0105dzone w stylu vintage charakteryzuj\u0105 si\u0119 wyrazistymi meblami, kt\u00f3re cz\u0119sto maj\u0105 subtelne, ale widoczne \u015blady up\u0142ywu czasu. Rega\u0142y w tym stylu mog\u0105 by\u0107 drewniane, metalowe lub wykonane z materia\u0142\u00f3w imituj\u0105cych drewno, w pastelowych lub przydymionych kolorach.<\/p>\n\n\n\n<p><strong>Polecane rega\u0142y:<\/strong><\/p>\n\n\n\n<ul class=\"wp-block-list\">\n<li>Rega\u0142y w stylu retro z drewnianymi p\u00f3\u0142kami i metalowymi elementami<\/li>\n\n\n\n<li><a href=\"https:\/\/form.pl\/43-meble\">Meble<\/a> z wyra\u017anymi \u015bladami patyny, z charakterystycznymi rze\u017abieniami<\/li>\n\n\n\n<li>Rega\u0142y w pastelowych kolorach lub z ciekawymi, starymi uchwytami<\/li>\n<\/ul>\n\n\n\n<hr class=\"wp-block-separator has-alpha-channel-opacity\"\/>\n\n\n\n<h2 class=\"wp-block-heading\" id=\"regaly-w-stylu-eklektycznym\">Rega\u0142y w stylu eklektycznym<\/h2>\n\n\n\n<p>Styl eklektyczny to po\u0142\u0105czenie r\u00f3\u017cnych element\u00f3w i epok w jednym wn\u0119trzu. W takim salonie rega\u0142 mo\u017ce by\u0107 zar\u00f3wno nowoczesny, jak i klasyczny, a tak\u017ce \u0142\u0105czy\u0107 w sobie r\u00f3\u017cnorodne materia\u0142y i kolory. Rega\u0142 w tym stylu powinien by\u0107 oryginalny, ale harmonijnie wkomponowany w reszt\u0119 wn\u0119trza. Mo\u017ce mie\u0107 zar\u00f3wno otwarte p\u00f3\u0142ki, jak i zamkni\u0119te przestrzenie, a jego wyko\u0144czenie mo\u017ce by\u0107 mieszank\u0105 drewna, metalu, szk\u0142a i kamienia.<\/p>\n\n\n\n<p><strong>Polecane rega\u0142y:<\/strong><\/p>\n\n\n\n<ul class=\"wp-block-list\">\n<li>Rega\u0142y \u0142\u0105cz\u0105ce drewno i metal, o nietypowych kszta\u0142tach<\/li>\n\n\n\n<li>Meble o r\u00f3\u017cnorodnych kolorach, kt\u00f3re wpasowuj\u0105 si\u0119 w eklektyczn\u0105 przestrze\u0144<\/li>\n\n\n\n<li>Rega\u0142y z ciekawymi detalami, jak kolorowe uchwyty lub szklane p\u00f3\u0142ki<\/li>\n<\/ul>\n\n\n\n<hr class=\"wp-block-separator has-alpha-channel-opacity\"\/>\n\n\n\n<h2 class=\"wp-block-heading\" id=\"regaly-w-stylu-rustykalnym\">Rega\u0142y w stylu rustykalnym<\/h2>\n\n\n\n<p>Styl rustykalny nawi\u0105zuje do wiejskiego, tradycyjnego klimatu, w kt\u00f3rym dominuj\u0105 naturalne materia\u0142y, takie jak drewno, kamie\u0144 czy wiklina. Rega\u0142y w tym stylu powinny by\u0107 masywne, solidne, z wyra\u017anymi s\u0142oje drewna, kt\u00f3re nadaj\u0105 meblowi naturalnego wygl\u0105du. W rustykalnym salonie rega\u0142 cz\u0119sto pe\u0142ni funkcj\u0119 nie tylko przechowywania, ale r\u00f3wnie\u017c dekoracji, dlatego mo\u017ce by\u0107 ozdobiony prostymi detalami, takimi jak metalowe uchwyty czy wiejskie akcenty.<\/p>\n\n\n\n<p><strong>Polecane rega\u0142y:<\/strong><\/p>\n\n\n\n<ul class=\"wp-block-list\">\n<li>Rega\u0142y z grubo ci\u0119tego drewna, najlepiej w naturalnych, ciemnych odcieniach<\/li>\n\n\n\n<li>Rega\u0142y o surowym wyko\u0144czeniu, z elementami r\u0119cznie robionymi<\/li>\n\n\n\n<li>Rega\u0142y z dodatkowymi koszami z naturalnych materia\u0142\u00f3w, np. ze s\u0142omy czy drewna<\/li>\n<\/ul>\n\n\n\n<hr class=\"wp-block-separator has-alpha-channel-opacity\"\/>\n\n\n\n<h2 class=\"wp-block-heading\" id=\"regaly-w-stylu-art-deco\">Rega\u0142y w stylu art d\u00e9co<\/h2>\n\n\n\n<p>Styl art d\u00e9co to po\u0142\u0105czenie luksusu, elegancji i geometrycznych form. Meble w tym stylu maj\u0105 wyraziste kszta\u0142ty, s\u0105 pe\u0142ne detali i cz\u0119sto przyozdobione metalowymi, lustrzanymi lub szklanymi elementami. Rega\u0142y art d\u00e9co powinny by\u0107 bardziej dekoracyjne ni\u017c funkcjonalne, a ich obecno\u015b\u0107 w salonie nadaje przestrzeni wyj\u0105tkowego charakteru. Takie rega\u0142y mog\u0105 mie\u0107 po\u0142yskuj\u0105ce wyko\u0144czenie, bogato zdobione fronty, czy ciekawe akcenty z metalu lub szk\u0142a.<\/p>\n\n\n\n<p><strong>Polecane rega\u0142y:<\/strong><\/p>\n\n\n\n<ul class=\"wp-block-list\">\n<li>Rega\u0142y z geometrycznymi wzorami i wyko\u0144czeniem z metalu<\/li>\n\n\n\n<li>Modele z lustrzanymi detalami, kt\u00f3re odbijaj\u0105 \u015bwiat\u0142o<\/li>\n\n\n\n<li>Rega\u0142y w z\u0142ocie, srebrze lub mosi\u0105dzu, z eleganckimi uchwytami<\/li>\n<\/ul>\n\n\n\n<hr class=\"wp-block-separator has-alpha-channel-opacity\"\/>\n\n\n\n<h2 class=\"wp-block-heading\" id=\"regaly-w-stylu-boho-chic\">Rega\u0142y w stylu boho-chic<\/h2>\n\n\n\n<p>Styl boho-chic to bardziej nowoczesna wersja klasycznego boho, w kt\u00f3rej \u0142\u0105cz\u0105 si\u0119 artystyczne, etniczne akcenty z elegancj\u0105 i subtelno\u015bci\u0105. Rega\u0142y w tym stylu \u0142\u0105cz\u0105 elementy naturalne z przytulnymi dekoracjami, tworz\u0105c przestrze\u0144, kt\u00f3ra jest pe\u0142na \u017cycia, ale te\u017c bardzo harmonijna. W tym przypadku rega\u0142 mo\u017ce by\u0107 drewniany, metalowy, z wiklinowymi elementami lub plecionkami, a tak\u017ce ozdobiony kolorowymi akcentami. Rega\u0142 w stylu boho-chic to cz\u0119sto r\u00f3wnie\u017c rega\u0142, kt\u00f3ry pe\u0142ni funkcj\u0119 dekoracyjn\u0105, wyeksponowuj\u0105c ro\u015bliny, ksi\u0105\u017cki, lampy czy ozdoby.<\/p>\n\n\n\n<p><strong>Polecane rega\u0142y:<\/strong><\/p>\n\n\n\n<ul class=\"wp-block-list\">\n<li>Rega\u0142y z naturalnego drewna, z etnicznymi akcentami<\/li>\n\n\n\n<li>Modele z plecionkami lub w stylu rustykalnym, ale z delikatniejszymi detalami<\/li>\n\n\n\n<li>Rega\u0142y w jasnych, ciep\u0142ych odcieniach, z przestronnymi p\u00f3\u0142kami na ro\u015bliny<\/li>\n<\/ul>\n\n\n\n<p>Rega\u0142 powinien wsp\u00f3\u0142gra\u0107 z reszt\u0105 mebli i dodatk\u00f3w, a tak\u017ce odzwierciedla\u0107 nasz gust i potrzeby. Niezale\u017cnie od tego, czy wybierzesz rega\u0142 nowoczesny, skandynawski, industrialny, vintage czy w innym stylu, pami\u0119taj, \u017ce jest to mebel, kt\u00f3ry ma nie tylko przechowywa\u0107, ale tak\u017ce ozdabia\u0107 przestrze\u0144, nadaj\u0105c jej unikalny charakter.<\/p>\n","protected":false},"excerpt":{"rendered":"<p>Rega\u0142 to jeden z najbardziej funkcjonalnych element\u00f3w wyposa\u017cenia ka\u017cdego salonu. Niezale\u017cnie od tego, czy u\u017cywamy go do przechowywania ksi\u0105\u017cek, dekoracji, elektroniki, czy innych przedmiot\u00f3w codziennego u\u017cytku, dobrze dobrany rega\u0142 mo\u017ce sta\u0107 si\u0119 ozdob\u0105 wn\u0119trza, nadaj\u0105c mu charakteru i porz\u0105dku. Wyb\u00f3r odpowiedniego modelu rega\u0142u do salonu zale\u017cy od stylu, w jakim &hellip; <\/p>\n","protected":false},"author":1,"featured_media":5361,"comment_status":"open","ping_status":"closed","sticky":false,"template":"","format":"standard","meta":{"rank_math_lock_modified_date":false,"footnotes":""},"categories":[1],"tags":[],"class_list":["post-5360","post","type-post","status-publish","format-standard","has-post-thumbnail","hentry","category-uncategorized"],"_links":{"self":[{"href":"https:\/\/form.pl\/artykuly\/wp-json\/wp\/v2\/posts\/5360","targetHints":{"allow":["GET"]}}],"collection":[{"href":"https:\/\/form.pl\/artykuly\/wp-json\/wp\/v2\/posts"}],"about":[{"href":"https:\/\/form.pl\/artykuly\/wp-json\/wp\/v2\/types\/post"}],"author":[{"embeddable":true,"href":"https:\/\/form.pl\/artykuly\/wp-json\/wp\/v2\/users\/1"}],"replies":[{"embeddable":true,"href":"https:\/\/form.pl\/artykuly\/wp-json\/wp\/v2\/comments?post=5360"}],"version-history":[{"count":2,"href":"https:\/\/form.pl\/artykuly\/wp-json\/wp\/v2\/posts\/5360\/revisions"}],"predecessor-version":[{"id":5363,"href":"https:\/\/form.pl\/artykuly\/wp-json\/wp\/v2\/posts\/5360\/revisions\/5363"}],"wp:featuredmedia":[{"embeddable":true,"href":"https:\/\/form.pl\/artykuly\/wp-json\/wp\/v2\/media\/5361"}],"wp:attachment":[{"href":"https:\/\/form.pl\/artykuly\/wp-json\/wp\/v2\/media?parent=5360"}],"wp:term":[{"taxonomy":"category","embeddable":true,"href":"https:\/\/form.pl\/artykuly\/wp-json\/wp\/v2\/categories?post=5360"},{"taxonomy":"post_tag","embeddable":true,"href":"https:\/\/form.pl\/artykuly\/wp-json\/wp\/v2\/tags?post=5360"}],"curies":[{"name":"wp","href":"https:\/\/api.w.org\/{rel}","templated":true}]}}